{"id":1455,"date":"2025-10-08T13:34:41","date_gmt":"2025-10-08T13:34:41","guid":{"rendered":"http:\/\/www.annette-merkenthaler.de\/?p=1455"},"modified":"2025-12-18T10:34:17","modified_gmt":"2025-12-18T10:34:17","slug":"erich-heckel-preis-2025","status":"publish","type":"post","link":"http:\/\/www.annette-merkenthaler.de\/de\/content\/erich-heckel-preis-2025\/","title":{"rendered":"Erich-Heckel-Preis 2025"},"content":{"rendered":"<p>Der Erich-Heckel-Preis wird seit 1980 vom Freundeskreis des K\u00fcnstlerbundes Baden-W\u00fcrttemberg ausgestattet und verliehen. Der Preis zeichnet ein k\u00fcnstlerisches Lebenswerk von hohem Rang aus und ist seit 2016 mit einer Ausstellung im AKKU Projektraum in Stuttgart verbunden. Gleichzeitig werden in der Ausstellung Arbeiten von Martin P\u00f6ll gezeigt, der den F\u00f6rderpreis 2025 erh\u00e4lt.<br \/>\n\u2013<br \/>\n<a href=\"http:\/\/www.annette-merkenthaler.de\/wp-content\/uploads\/2025\/10\/annette_merkenthaler_heckelpreis_2025.pdf\" target=\"_blank\" rel=\"noopener\">Mehr zur Ausstellung<\/a><br \/>\n\u2013<br \/>\n<\/p>","protected":false},"excerpt":{"rendered":"<p>Der Erich-Heckel-Preis wird seit 1980 vom Freundeskreis des K\u00fcnstlerbundes Baden-W\u00fcrttemberg ausgestattet und verliehen. Der Preis zeichnet ein k\u00fcnstlerisches Lebenswerk von hohem Rang aus und ist seit 2016 mit einer Ausstellung im AKKU Projektraum in Stuttgart verbunden. Gleichzeitig werden in der Ausstellung Arbeiten von Martin P\u00f6ll gezeigt, der den F\u00f6rderpreis 2025 erh\u00e4lt. \u2013 Mehr zur Ausstellung [&hellip;]<\/p>\n","protected":false},"author":3,"featured_media":1458,"comment_status":"open","ping_status":"open","sticky":false,"template":"","format":"standard","meta":[],"categories":[8,1],"tags":[],"_links":{"self":[{"href":"http:\/\/www.annette-merkenthaler.de\/de\/wp-json\/wp\/v2\/posts\/1455"}],"collection":[{"href":"http:\/\/www.annette-merkenthaler.de\/de\/wp-json\/wp\/v2\/posts"}],"about":[{"href":"http:\/\/www.annette-merkenthaler.de\/de\/wp-json\/wp\/v2\/types\/post"}],"author":[{"embeddable":true,"href":"http:\/\/www.annette-merkenthaler.de\/de\/wp-json\/wp\/v2\/users\/3"}],"replies":[{"embeddable":true,"href":"http:\/\/www.annette-merkenthaler.de\/de\/wp-json\/wp\/v2\/comments?post=1455"}],"version-history":[{"count":16,"href":"http:\/\/www.annette-merkenthaler.de\/de\/wp-json\/wp\/v2\/posts\/1455\/revisions"}],"predecessor-version":[{"id":1488,"href":"http:\/\/www.annette-merkenthaler.de\/de\/wp-json\/wp\/v2\/posts\/1455\/revisions\/1488"}],"wp:featuredmedia":[{"embeddable":true,"href":"http:\/\/www.annette-merkenthaler.de\/de\/wp-json\/wp\/v2\/media\/1458"}],"wp:attachment":[{"href":"http:\/\/www.annette-merkenthaler.de\/de\/wp-json\/wp\/v2\/media?parent=1455"}],"wp:term":[{"taxonomy":"category","embeddable":true,"href":"http:\/\/www.annette-merkenthaler.de\/de\/wp-json\/wp\/v2\/categories?post=1455"},{"taxonomy":"post_tag","embeddable":true,"href":"http:\/\/www.annette-merkenthaler.de\/de\/wp-json\/wp\/v2\/tags?post=1455"}],"curies":[{"name":"wp","href":"https:\/\/api.w.org\/{rel}","templated":true}]}}