{"id":1482,"date":"2025-12-18T10:33:53","date_gmt":"2025-12-18T10:33:53","guid":{"rendered":"https:\/\/www.annette-merkenthaler.de\/?p=1482"},"modified":"2026-03-27T17:12:30","modified_gmt":"2026-03-27T17:12:30","slug":"gefase","status":"publish","type":"post","link":"http:\/\/www.annette-merkenthaler.de\/de\/content\/gefase\/","title":{"rendered":"Gef\u00e4\u00dfe"},"content":{"rendered":"<p>Annette Merkenthaler zeigt in der aktuellen Ausstellung Gef\u00e4\u00dfe in einem vielschichtigen Prozess poetischer Transformation.<\/p>\n<p>Im Zentrum stehen bildgebend zwei ihrer Werkbl\u00f6cke aus Keramik (2014\/2025) und ungebranntem Ton (2023), die sie in ihrem Garten als ihrem Laboratorium \u00fcber einen bestimmten Zeitraum einer Art k\u00fcnstlerischer Versuchsanordnung ausgesetzt hatte. Zeit und Wetter taten ihr Werk. Dann griff Annette Merkenthaler erneut ein, filterte und inszenierte Bildereignisse. Die Fotografin kam ins Spiel, und Fotoarbeiten bilden denn auch den Schwerpunkt dieser Ausstellung.<br \/>\n<strong>Dr. Gudrun Selz<\/strong><br \/>\n\u2013<br \/>\n<a href=\"http:\/\/www.annette-merkenthaler.de\/wp-content\/uploads\/2025\/12\/Annette_Merkenthaler_Gefaesse_2025.pdf\" target=\"_blank\" rel=\"noopener\">Mehr zur Ausstellung<\/a><br \/>\n\u2013<br \/>\n<\/p>","protected":false},"excerpt":{"rendered":"<p>Annette Merkenthaler zeigt in der aktuellen Ausstellung Gef\u00e4\u00dfe in einem vielschichtigen Prozess poetischer Transformation. Im Zentrum stehen bildgebend zwei ihrer Werkbl\u00f6cke aus Keramik (2014\/2025) und ungebranntem Ton (2023), die sie in ihrem Garten als ihrem Laboratorium \u00fcber einen bestimmten Zeitraum einer Art k\u00fcnstlerischer Versuchsanordnung ausgesetzt hatte. Zeit und Wetter taten ihr Werk. Dann griff Annette [&hellip;]<\/p>\n","protected":false},"author":3,"featured_media":1484,"comment_status":"open","ping_status":"open","sticky":false,"template":"","format":"standard","meta":[],"categories":[8,1],"tags":[],"_links":{"self":[{"href":"http:\/\/www.annette-merkenthaler.de\/de\/wp-json\/wp\/v2\/posts\/1482"}],"collection":[{"href":"http:\/\/www.annette-merkenthaler.de\/de\/wp-json\/wp\/v2\/posts"}],"about":[{"href":"http:\/\/www.annette-merkenthaler.de\/de\/wp-json\/wp\/v2\/types\/post"}],"author":[{"embeddable":true,"href":"http:\/\/www.annette-merkenthaler.de\/de\/wp-json\/wp\/v2\/users\/3"}],"replies":[{"embeddable":true,"href":"http:\/\/www.annette-merkenthaler.de\/de\/wp-json\/wp\/v2\/comments?post=1482"}],"version-history":[{"count":9,"href":"http:\/\/www.annette-merkenthaler.de\/de\/wp-json\/wp\/v2\/posts\/1482\/revisions"}],"predecessor-version":[{"id":1507,"href":"http:\/\/www.annette-merkenthaler.de\/de\/wp-json\/wp\/v2\/posts\/1482\/revisions\/1507"}],"wp:featuredmedia":[{"embeddable":true,"href":"http:\/\/www.annette-merkenthaler.de\/de\/wp-json\/wp\/v2\/media\/1484"}],"wp:attachment":[{"href":"http:\/\/www.annette-merkenthaler.de\/de\/wp-json\/wp\/v2\/media?parent=1482"}],"wp:term":[{"taxonomy":"category","embeddable":true,"href":"http:\/\/www.annette-merkenthaler.de\/de\/wp-json\/wp\/v2\/categories?post=1482"},{"taxonomy":"post_tag","embeddable":true,"href":"http:\/\/www.annette-merkenthaler.de\/de\/wp-json\/wp\/v2\/tags?post=1482"}],"curies":[{"name":"wp","href":"https:\/\/api.w.org\/{rel}","templated":true}]}}